{"id":522,"date":"2026-01-01T11:18:00","date_gmt":"2026-01-01T10:18:00","guid":{"rendered":"https:\/\/kuzniazyczliwosci.pl\/?p=522"},"modified":"2026-01-02T23:13:33","modified_gmt":"2026-01-02T22:13:33","slug":"zapytanie-ofertowe-1-01-2026","status":"publish","type":"post","link":"https:\/\/kuzniazyczliwosci.pl\/?p=522","title":{"rendered":"Zapytanie ofertowe 1\/01\/2026"},"content":{"rendered":"\n<p>Stowarzyszenie Os\u00f3b Niepe\u0142nosprawnych \u201eKu\u017ania \u017byczliwo\u015bci\u201d z\/s 3 Maja 6, 97-420 Szczerc\u00f3w zwane dalej Zamawiaj\u0105cym zaprasza do z\u0142o\u017cenia oferty na wykonanie i monta\u017c mebli do pomieszcze\u0144 Warsztatu Terapii Zaj\u0119ciowej w D\u0105browie Rusieckiej 51, 97-438 Rusiec.<\/p>\n\n\n\n<p>Szczeg\u00f3\u0142owy opis przedmiotu zam\u00f3wienia:<\/p>\n\n\n\n<p>W ramach zadania Zamawiaj\u0105cy zleci wykonanie i monta\u017c nast\u0119puj\u0105cych mebli:<\/p>\n\n\n\n<figure style=\"font-size:14px\" class=\"wp-block-table\"><table style=\"border-width:0.2px\"><tbody><tr><td><strong>Lp.<\/strong><\/td><td><strong>Rodzaj mebli<\/strong><\/td><td><strong>Szczeg\u00f3\u0142owe dane<\/strong><\/td><td><strong>Ilo\u015b\u0107 sztuk<\/strong><\/td><td><strong>Uwagi<\/strong><\/td><\/tr><tr><td colspan=\"5\"><strong>Aneks kuchenny \u2013 szafki dolne<\/strong><\/td><\/tr><tr><td>1<\/td><td>Szafka pod zlewozmywak&nbsp;62cm x 60cm x 86cm<\/td><td>Szafka jednomodu\u0142owa, na regulowanych n\u00f3\u017ckach, z otworem na zlew o wymiarach 60cm x 45cm, na regulowanych n\u00f3\u017ckach, wykonana<br>z p\u0142yty laminat 18mm w okleinie PCV<br>o grubo\u015bci 2mm w kolorze d\u0105b sonoma, ty\u0142 szafki&nbsp; p\u0142yta HDF, zamykana par\u0105 drzwiczek z zawiasami GTV z doci\u0105giem, blat laminowany o grubo\u015bci 38mm<br>w kolorze d\u0105b sonoma<\/td><td>1<\/td><td><\/td><\/tr><tr><td>2<\/td><td>Szafka z blatem kuchennym 43cm x 60cm x 86cm<\/td><td>Szafka jednomodu\u0142owa, na regulowanych n\u00f3\u017ckach, wykonana<br>z p\u0142yty laminat 18mm w okleinie PCV<br>o grubo\u015bci 2mm w kolorze d\u0105b sonoma, ty\u0142 szafki&nbsp; p\u0142yta HDF, 3 szuflady<br>o&nbsp; wysoko\u015bci (od g\u00f3ry) 14cm, 28cm, 28cm z prowadnicami o pe\u0142nym wysuwie&nbsp; z doci\u0105giem oraz spodzie<br>z p\u0142yty 18mm, blat laminowany<br>o grubo\u015bci 38mm w kolorze d\u0105b sonoma<\/td><td>1<\/td><td><\/td><\/tr><tr><td>3<\/td><td>Szafka pod p\u0142yt\u0119 indukcyjn\u010560cm x 60cm x 86cm<\/td><td>Szafka jednomodu\u0142owa, na regulowanych n\u00f3\u017ckach, wykonana<br>z p\u0142yty laminat 18mm w okleinie PCV<br>o grubo\u015bci 2mm w kolorze d\u0105b sonoma, ty\u0142 szafki&nbsp; p\u0142yta HDF, 4 szuflady<br>o&nbsp; wysoko\u015bci (od g\u00f3ry) 14cm,14cm, 20cm, 20cm z prowadnicami o pe\u0142nym wysuwie&nbsp; z doci\u0105giem oraz spodzie<br>z p\u0142yty 18mm&nbsp;<\/td><td>1<\/td><td><\/td><\/tr><tr><td>4<\/td><td>Szafka naro\u017cnik z blatem kuchennym90cm x 85cm x 86cm<\/td><td>Szafka jednomodu\u0142owa, na regulowanych n\u00f3\u017ckach, wykonana<br>z p\u0142yty laminat 18mm w okleinie PCV<br>o grubo\u015bci 2mm w kolorze d\u0105b sonoma, ty\u0142 szafki&nbsp; p\u0142yta HDF, zamykana par\u0105 drzwiczek z zawiasami GTV z doci\u0105giem, p\u00f3\u0142ka sta\u0142a na wysoko\u015bci 38cm, blat laminowany o grubo\u015bci 38mm w kolorze d\u0105b sonoma<\/td><td>1<\/td><td><\/td><\/tr><tr><td>5<\/td><td>Maskownica dolna13cm x 60cm x 86cm<\/td><td>Maskownica wykonana z p\u0142yty laminat 18mm w okleinie PCV o grubo\u015bci 2mm<br>w kolorze d\u0105b sonoma<\/td><td>1<\/td><td><\/td><\/tr><tr><td colspan=\"5\"><strong>Aneks kuchenny \u2013 szafki g\u00f3rne<\/strong><\/td><\/tr><tr><td>6<\/td><td>Szafka g\u00f3rna z suszark\u0105 do naczy\u014460cm x 30cm x 87<\/td><td>Szafka jednomodu\u0142owa, wykonana<br>z p\u0142yty laminat 18mm w okleinie PCV<br>o grubo\u015bci 2mm w kolorze d\u0105b sonoma, ty\u0142 szafki&nbsp; p\u0142yta HDF, zamykana par\u0105 drzwiczek z zawiasami GTV z doci\u0105giem, wewn\u0105trz suszarka do naczy\u0144<\/td><td>1<\/td><td><\/td><\/tr><tr><td>7<\/td><td>Szafka g\u00f3rna&nbsp;45cm x 30cm x 87<\/td><td>Szafka jednomodu\u0142owa, wykonana<br>z p\u0142yty laminat 18mm w okleinie PCV<br>o grubo\u015bci 2mm w kolorze d\u0105b sonoma, ty\u0142 szafki&nbsp; p\u0142yta HDF, zamykana drzwiczkami z zawiasami GTV<br>z doci\u0105giem, wewn\u0105trz dwie p\u00f3\u0142ki<br>o regulowanej wysoko\u015bci&nbsp;<\/td><td>1<\/td><td><\/td><\/tr><tr><td>8<\/td><td>Szafka g\u00f3rna z okapem podszafkowym&nbsp;60 cm x 30cm x 45<\/td><td>Szafka jednomodu\u0142owa, wykonana<br>z p\u0142yty laminat 18mm w okleinie PCV<br>o grubo\u015bci 2mm w kolorze d\u0105b sonoma, ty\u0142 szafki&nbsp; p\u0142yta HDF, zamykana drzwiczkami na podno\u015bnikach uchylnych z doci\u0105giem<\/td><td>1<\/td><td><\/td><\/tr><tr><td>9<\/td><td>Szafka g\u00f3rna&nbsp;30cm x 30cm x 87<\/td><td>Szafka jednomodu\u0142owa, wykonana<br>z p\u0142yty laminat 18mm w okleinie PCV<br>o grubo\u015bci 2mm w kolorze d\u0105b sonoma, ty\u0142 szafki&nbsp; p\u0142yta HDF, zamykana drzwiczkami z zawiasami GTV<br>z doci\u0105giem, wewn\u0105trz dwie p\u00f3\u0142ki<br>o regulowanej wysoko\u015bci&nbsp;<\/td><td>1<\/td><td><\/td><\/tr><tr><td>10<\/td><td>Szafka g\u00f3rna naro\u017cnikowa60cm x 60cm x 87<\/td><td>Szafka jednomodu\u0142owa, wykonana<br>z p\u0142yty laminat 18mm w okleinie PCV<br>o grubo\u015bci 2mm w kolorze d\u0105b sonoma, ty\u0142 szafki&nbsp; p\u0142yta HDF, zamykana par\u0105 drzwiczek z zawiasami GTV z doci\u0105giem, wewn\u0105trz dwie p\u00f3\u0142ki o sta\u0142ej wysoko\u015bci (od do\u0142u) 25cm, 25cm, 27cm&nbsp;&nbsp;<\/td><td>1<\/td><td><\/td><\/tr><tr><td>11<\/td><td>Szafka g\u00f3rna&nbsp;25cm x 30cm x 87<\/td><td>Szafka jednomodu\u0142owa, wykonana<br>z p\u0142yty laminat 18mm w okleinie PCV<br>o grubo\u015bci 2mm w kolorze d\u0105b sonoma, ty\u0142 szafki&nbsp; p\u0142yta HDF, zamykana drzwiczkami z zawiasami GTV<br>z doci\u0105giem, wewn\u0105trz dwie p\u00f3\u0142ki<br>o regulowanej wysoko\u015bci<\/td><td>1<\/td><td><\/td><\/tr><tr><td>12<\/td><td>Maskownica g\u00f3rna13cm x 60cm x 87cm<\/td><td>Maskownica wykonana z p\u0142yty laminat 18mm w okleinie PCV o grubo\u015bci 2mm<br>w kolorze d\u0105b sonoma<\/td><td>1<\/td><td><\/td><\/tr><tr><td colspan=\"5\"><strong>Aneks kuchenny \u2013 s\u0142upek, zabudowa lod\u00f3wki<\/strong><\/td><\/tr><tr><td>13<\/td><td>S\u0142upek z piekarnikiem elektrycznym i kuchenk\u0105 mikrofalow\u0105 &#8211; szafka dolna50cm x 55cm x 65cm<\/td><td>Szafka jednomodu\u0142owa, na regulowanych n\u00f3\u017ckach, wykonana<br>z p\u0142yty laminat 18mm w okleinie PCV<br>o grubo\u015bci 2mm w kolorze d\u0105b sonoma, ty\u0142 szafki&nbsp; p\u0142yta HDF, zamykana drzwiczkami z zawiasami GTV<br>z doci\u0105giem, wewn\u0105trz p\u00f3\u0142ka<br>o regulowanej wysoko\u015bci<\/td><td>1<\/td><td><\/td><\/tr><tr><td>14<\/td><td>S\u0142upek z piekarnikiem elektrycznym i kuchenk\u0105 mikrofalow\u0105 &#8211; szafka g\u00f3rna&nbsp;50cm x 60cm x 68cm<\/td><td>Szafka jednomodu\u0142owa, wykonana<br>z p\u0142yty laminat 18mm w okleinie PCV<br>o grubo\u015bci 2mm w kolorze d\u0105b sonoma, ty\u0142 szafki&nbsp; p\u0142yta HDF, zamykana drzwiczkami z zawiasami GTV<br>z doci\u0105giem, wewn\u0105trz p\u00f3\u0142ka<br>o regulowanej wysoko\u015bci<\/td><td>1<\/td><td><\/td><\/tr><tr><td>15<\/td><td>Szafka nad lod\u00f3wk\u010560cm x 60cm x 45 cm<\/td><td>Szafka jednomodu\u0142owa, wykonana<br>z p\u0142yty laminat 18mm w okleinie PCV<br>o grubo\u015bci 2mm w kolorze d\u0105b sonoma, ty\u0142 szafki&nbsp; p\u0142yta HDF, zamykana drzwiczkami na podno\u015bnikach uchylnych z doci\u0105giem<\/td><td>1<\/td><td><\/td><\/tr><tr><td colspan=\"5\"><strong>Pozosta\u0142e meble<\/strong><\/td><\/tr><tr><td>16<\/td><td>St\u00f3\u0142 o wymiarach<br>180cm x 100cm x 76cm<\/td><td>St\u00f3\u0142 prostok\u0105tny z blatem laminowanym<br>o grubo\u015bci 38mm w kolorze d\u0105b sonoma na czterech nogach&nbsp;<\/td><td>1<\/td><td><\/td><\/tr><tr><td>17<\/td><td>Rega\u0142 otwarty o wymiarach&nbsp; 99cm x 50cm x 242cm<\/td><td>Rega\u0142 jednomodu\u0142owy otwarty, na cokole o wysoko\u015bci 25cm (maskuj\u0105cym pod rega\u0142em rury kanalizacyjne) oraz wyci\u0119tym lewym naro\u017cniku<br>o wymiarach 20cm x 20cm, wykonany<br>z p\u0142yty laminat 18mm w okleinie PCV<br>o grubo\u015bci 2mm, w kolorze d\u0105b sonoma,&nbsp; ty\u0142 rega\u0142u&nbsp; p\u0142yta HDF, p\u00f3\u0142ki<br>o regulowanej wysoko\u015bci \u2013 \u0142\u0105cznie 5 p\u00f3\u0142ek<\/td><td>1<\/td><td><\/td><\/tr><\/tbody><\/table><\/figure>\n\n\n\n<ol class=\"wp-block-list\">\n<li>Monta\u017c musi by\u0107 wykonany na miejscu, brak jest mo\u017cliwo\u015bci wniesienia du\u017cych, z\u0142o\u017conych element\u00f3w.<\/li>\n\n\n\n<li>Meble wykonane maj\u0105 by\u0107 z certyfikowanej p\u0142yty meblowej.<\/li>\n\n\n\n<li>Oferowana cena powinna zawiera\u0107 koszt monta\u017cu i dostarczenia mebli do Zamawiaj\u0105cego.<\/li>\n\n\n\n<li>Zamawiaj\u0105cy wymaga, aby dostarczone meble i urz\u0105dzenia by\u0142y fabrycznie nowe, pe\u0142nowarto\u015bciowe, wolne od wad, wykonane zgodnie z normami bran\u017cowymi, Polskimi Normami i zasadami wiedzy technicznej. Meble musz\u0105 spe\u0142nia\u0107 wymagania pod wzgl\u0119dem BHP zgodnie z obowi\u0105zuj\u0105cymi w tym zakresie przepisami prawa oraz posiada\u0107 certyfikaty zgodno\u015bci z normami dotycz\u0105cymi jako\u015bci mebli oraz niezb\u0119dne certyfikaty bezpiecze\u0144stwa.&nbsp;<\/li>\n\n\n\n<li>Wykonawca zobowi\u0105zany b\u0119dzie do wykonania pomiaru niezb\u0119dnego do realizacji zadania (Podane w zapytaniu ofertowym wymiary maj\u0105 charakter orientacyjny i mog\u0105 ulec nieznacznym zmianom, wynikaj\u0105cym z pomiar\u00f3w dokonanych na miejscu oraz uwarunkowa\u0144 techniczno \u2013 monta\u017cowych).<\/li>\n\n\n\n<li>Wykonawca zobowi\u0105zany b\u0119dzie do udzielenia gwarancji na wykonane meble i&nbsp; roboty na okres co najmniej 36 miesi\u0119cy od daty dokonania odbioru.<\/li>\n\n\n\n<li>Ofert\u0119 nale\u017cy z\u0142o\u017cy\u0107 do dnia 8 stycznia 2026 roku do godziny 13:00 w Warsztacie Terapii Zaj\u0119ciowej w D\u0105browie Rusieckiej 51, 97-438 Rusiec lub na adres e-mail: kontakt@kuzniazyczliwosci.pl z dopiskiem \u201eOferta&nbsp; na wykonanie i monta\u017c mebli.<\/li>\n\n\n\n<li>Termin realizacji zam\u00f3wienia: do dnia 23 stycznia 2026 r.<\/li>\n\n\n\n<li>Planowany termin zawarcia umowy z wykonawc\u0105: w dniu 8 stycznia 2026 r.<\/li>\n\n\n\n<li>Oferty z\u0142o\u017cone po terminie nie b\u0119d\u0105 rozpatrywane.<\/li>\n\n\n\n<li>Kryteria oceny ofert: 100 % cena. Oferta z najni\u017csz\u0105 cen\u0105, spe\u0142niaj\u0105c wymagania, otrzyma 100 punkt\u00f3w, a kolejne proporcjonalnie wg wzoru: (warto\u015b\u0107 oferty x 100)\/warto\u015b\u0107 ofert najni\u017cszej.<\/li>\n\n\n\n<li>Kupuj\u0105cy upowa\u017cnia Sprzedawc\u0119 do wystawiania faktur VAT bez podpisu odbiorcy.&nbsp;<\/li>\n\n\n\n<li>P\u0142atno\u015b\u0107 za wykonanie, dostarczenie i monta\u017c mebli w terminie 21 dni od daty wystawienia faktury.<\/li>\n<\/ol>\n\n\n\n<div class=\"wp-block-file\"><a id=\"wp-block-file--media-3fa5df7b-c892-44e8-9f92-2c5e1618b5f8\" href=\"https:\/\/kuzniazyczliwosci.pl\/wp-content\/uploads\/2026\/01\/Zalacznik-nr-1-formularz-ofertowy.docx\">Za\u0142acznik nr 1 (formularz ofertowy)<\/a><a href=\"https:\/\/kuzniazyczliwosci.pl\/wp-content\/uploads\/2026\/01\/Zalacznik-nr-1-formularz-ofertowy.docx\" class=\"wp-block-file__button wp-element-button\" download aria-describedby=\"wp-block-file--media-3fa5df7b-c892-44e8-9f92-2c5e1618b5f8\">Pobierz<\/a><\/div>\n\n\n\n<div class=\"wp-block-file\" style=\"border-style:none;border-width:0px;border-top-left-radius:0px;border-top-right-radius:0px;border-bottom-left-radius:0px;border-bottom-right-radius:0px;padding-top:0;padding-right:0;padding-bottom:0;padding-left:0\"><a id=\"wp-block-file--media-a69422ab-845c-450a-bb5a-80f55213840b\" href=\"https:\/\/kuzniazyczliwosci.pl\/wp-content\/uploads\/2026\/01\/Zalacznik-nr-2-do-zapytania-ofertowego.pdf\">Za\u0142\u0105cznik nr 2 do zapytania ofertowego<\/a><a href=\"https:\/\/kuzniazyczliwosci.pl\/wp-content\/uploads\/2026\/01\/Zalacznik-nr-2-do-zapytania-ofertowego.pdf\" class=\"wp-block-file__button wp-element-button\" download aria-describedby=\"wp-block-file--media-a69422ab-845c-450a-bb5a-80f55213840b\">Pobierz<\/a><\/div>\n\n\n\n<p><\/p>\n","protected":false},"excerpt":{"rendered":"<p>Stowarzyszenie Os\u00f3b Niepe\u0142nosprawnych \u201eKu\u017ania \u017byczliwo\u015bci\u201d z\/s 3 Maja 6, 97-420 Szczerc\u00f3w zwane dalej Zamawiaj\u0105cym zaprasza do z\u0142o\u017cenia oferty na wykonanie i monta\u017c mebli do pomieszcze\u0144 Warsztatu Terapii Zaj\u0119ciowej w D\u0105browie Rusieckiej 51, 97-438 Rusiec. Szczeg\u00f3\u0142owy opis przedmiotu zam\u00f3wienia: W ramach zadania Zamawiaj\u0105cy zleci wykonanie i monta\u017c nast\u0119puj\u0105cych mebli: Lp. Rodzaj mebli Szczeg\u00f3\u0142owe dane Ilo\u015b\u0107 sztuk&hellip;&nbsp;<a href=\"https:\/\/kuzniazyczliwosci.pl\/?p=522\" rel=\"bookmark\"><span class=\"screen-reader-text\">Zapytanie ofertowe 1\/01\/2026<\/span><\/a><\/p>\n","protected":false},"author":1,"featured_media":0,"comment_status":"closed","ping_status":"closed","sticky":false,"template":"","format":"standard","meta":{"saved_in_kubio":true,"_uag_custom_page_level_css":"","neve_meta_sidebar":"","neve_meta_container":"","neve_meta_enable_content_width":"","neve_meta_content_width":0,"neve_meta_title_alignment":"","neve_meta_author_avatar":"","neve_post_elements_order":"[\"title\",\"meta\",\"content\",\"tags\"]","neve_meta_disable_header":"","neve_meta_disable_footer":"","neve_meta_disable_title":"","footnotes":""},"categories":[11],"tags":[],"class_list":["post-522","post","type-post","status-publish","format-standard","hentry","category-ogloszenia"],"uagb_featured_image_src":{"full":false,"thumbnail":false,"medium":false,"medium_large":false,"large":false,"1536x1536":false,"2048x2048":false,"kubio-fullhd":false,"neve-blog":false},"uagb_author_info":{"display_name":"Tomasz","author_link":"https:\/\/kuzniazyczliwosci.pl\/?author=1"},"uagb_comment_info":0,"uagb_excerpt":"Stowarzyszenie Os\u00f3b Niepe\u0142nosprawnych \u201eKu\u017ania \u017byczliwo\u015bci\u201d z\/s 3 Maja 6, 97-420 Szczerc\u00f3w zwane dalej Zamawiaj\u0105cym zaprasza do z\u0142o\u017cenia oferty na wykonanie i monta\u017c mebli do pomieszcze\u0144 Warsztatu Terapii Zaj\u0119ciowej w D\u0105browie Rusieckiej 51, 97-438 Rusiec. Szczeg\u00f3\u0142owy opis przedmiotu zam\u00f3wienia: W ramach zadania Zamawiaj\u0105cy zleci wykonanie i monta\u017c nast\u0119puj\u0105cych mebli: Lp. Rodzaj mebli Szczeg\u00f3\u0142owe dane Ilo\u015b\u0107 sztuk&hellip;&nbsp;Zapytanie&hellip;","_links":{"self":[{"href":"https:\/\/kuzniazyczliwosci.pl\/index.php?rest_route=\/wp\/v2\/posts\/522","targetHints":{"allow":["GET"]}}],"collection":[{"href":"https:\/\/kuzniazyczliwosci.pl\/index.php?rest_route=\/wp\/v2\/posts"}],"about":[{"href":"https:\/\/kuzniazyczliwosci.pl\/index.php?rest_route=\/wp\/v2\/types\/post"}],"author":[{"embeddable":true,"href":"https:\/\/kuzniazyczliwosci.pl\/index.php?rest_route=\/wp\/v2\/users\/1"}],"replies":[{"embeddable":true,"href":"https:\/\/kuzniazyczliwosci.pl\/index.php?rest_route=%2Fwp%2Fv2%2Fcomments&post=522"}],"version-history":[{"count":6,"href":"https:\/\/kuzniazyczliwosci.pl\/index.php?rest_route=\/wp\/v2\/posts\/522\/revisions"}],"predecessor-version":[{"id":553,"href":"https:\/\/kuzniazyczliwosci.pl\/index.php?rest_route=\/wp\/v2\/posts\/522\/revisions\/553"}],"wp:attachment":[{"href":"https:\/\/kuzniazyczliwosci.pl\/index.php?rest_route=%2Fwp%2Fv2%2Fmedia&parent=522"}],"wp:term":[{"taxonomy":"category","embeddable":true,"href":"https:\/\/kuzniazyczliwosci.pl\/index.php?rest_route=%2Fwp%2Fv2%2Fcategories&post=522"},{"taxonomy":"post_tag","embeddable":true,"href":"https:\/\/kuzniazyczliwosci.pl\/index.php?rest_route=%2Fwp%2Fv2%2Ftags&post=522"}],"curies":[{"name":"wp","href":"https:\/\/api.w.org\/{rel}","templated":true}]}}